{"id":2471,"date":"2024-11-20T09:21:52","date_gmt":"2024-11-20T08:21:52","guid":{"rendered":"http:\/\/juancamacholuthier.com\/?p=2471"},"modified":"2024-11-20T09:31:44","modified_gmt":"2024-11-20T08:31:44","slug":"violin-anama","status":"publish","type":"post","link":"https:\/\/juancamacholuthier.com\/en\/violin-anama\/","title":{"rendered":"Viol\u00edn Anama"},"content":{"rendered":"<div data-elementor-type=\"wp-post\" data-elementor-id=\"2471\" class=\"elementor elementor-2471\">\n\t\t\t\t<div class=\"elementor-element elementor-element-ed764df e-flex e-con-boxed e-con e-parent\" data-id=\"ed764df\" data-element_type=\"container\" data-e-type=\"container\">\n\t\t\t\t\t<div class=\"e-con-inner\">\n\t\t\t\t<div class=\"elementor-element elementor-element-5774027 elementor-widget elementor-widget-heading\" data-id=\"5774027\" data-element_type=\"widget\" data-e-type=\"widget\" data-widget_type=\"heading.default\">\n\t\t\t\t<div class=\"elementor-widget-container\">\n\t\t\t\t\t<h1 class=\"elementor-heading-title elementor-size-default\">Viol\u00edn el\u00e9ctrico estrenado en concierto por Anama Castillero de <a href=\"https:\/\/aetasmusica.com\/\" target=\"_blank\" rel=\"noopener\">Aetas M\u00fasica<\/a> en el concierto de Celtas Cortos el 20 de Abril de 2024 en el Palacio Vistalegre de Madrid.<\/h1>\t\t\t\t<\/div>\n\t\t\t\t<\/div>\n\t\t\t\t\t<\/div>\n\t\t\t\t<\/div>\n\t\t<div class=\"elementor-element elementor-element-4fbbeb0 e-flex e-con-boxed e-con e-parent\" data-id=\"4fbbeb0\" data-element_type=\"container\" data-e-type=\"container\">\n\t\t\t\t\t<div class=\"e-con-inner\">\n\t\t\t\t<div class=\"elementor-element elementor-element-c8bfd82 elementor-widget elementor-widget-heading\" data-id=\"c8bfd82\" data-element_type=\"widget\" data-e-type=\"widget\" data-widget_type=\"heading.default\">\n\t\t\t\t<div class=\"elementor-widget-container\">\n\t\t\t\t\t<h4 class=\"elementor-heading-title elementor-size-default\"><a href=\"https:\/\/elpuertoactualidad.es\/2024\/04\/23\/un-violin-muy-portuense-toca-con-celtas-cortos-ante-mas-10-000-personasun-violin-muy-portuense-toca-con-celtas-cortos-ante-mas-10-000-personas\/\" target=\"_blank\" rel=\"noopener\">Art\u00edculo publicado por <b>elpuertoactualidad.es<\/b><\/a><\/h4>\t\t\t\t<\/div>\n\t\t\t\t<\/div>\n\t\t\t\t\t<\/div>\n\t\t\t\t<\/div>\n\t\t<div class=\"elementor-element elementor-element-e40309a e-flex e-con-boxed e-con e-parent\" data-id=\"e40309a\" data-element_type=\"container\" data-e-type=\"container\">\n\t\t\t\t\t<div class=\"e-con-inner\">\n\t\t\t\t<div class=\"elementor-element elementor-element-1e5e0cb elementor-widget elementor-widget-image\" data-id=\"1e5e0cb\" data-element_type=\"widget\" data-e-type=\"widget\" data-widget_type=\"image.default\">\n\t\t\t\t<div class=\"elementor-widget-container\">\n\t\t\t\t\t\t\t\t\t\t\t\t\t\t\t\t<a href=\"https:\/\/elpuertoactualidad.es\/2024\/04\/23\/un-violin-muy-portuense-toca-con-celtas-cortos-ante-mas-10-000-personasun-violin-muy-portuense-toca-con-celtas-cortos-ante-mas-10-000-personas\/\" target=\"_blank\" rel=\"noopener\">\n\t\t\t\t\t\t\t<img fetchpriority=\"high\" decoding=\"async\" width=\"1200\" height=\"600\" src=\"https:\/\/juancamacholuthier.com\/wp-content\/uploads\/2024\/06\/celtas-fb.jpg\" class=\"attachment-full size-full wp-image-2443\" alt=\"\" srcset=\"https:\/\/juancamacholuthier.com\/wp-content\/uploads\/2024\/06\/celtas-fb.jpg 1200w, https:\/\/juancamacholuthier.com\/wp-content\/uploads\/2024\/06\/celtas-fb-300x150.jpg 300w, https:\/\/juancamacholuthier.com\/wp-content\/uploads\/2024\/06\/celtas-fb-1024x512.jpg 1024w, https:\/\/juancamacholuthier.com\/wp-content\/uploads\/2024\/06\/celtas-fb-768x384.jpg 768w, https:\/\/juancamacholuthier.com\/wp-content\/uploads\/2024\/06\/celtas-fb-18x9.jpg 18w\" sizes=\"(max-width: 1200px) 100vw, 1200px\" \/>\t\t\t\t\t\t\t\t<\/a>\n\t\t\t\t\t\t\t\t\t\t\t\t\t\t\t<\/div>\n\t\t\t\t<\/div>\n\t\t\t\t\t<\/div>\n\t\t\t\t<\/div>\n\t\t\t\t<\/div>","protected":false},"excerpt":{"rendered":"<p>Viol\u00edn el\u00e9ctrico estrenado en concierto por Anama Castillero de Aetas M\u00fasica en el concierto de Celtas Cortos el 20 de Abril de 2024 en el Palacio Vistalegre de Madrid. Art\u00edculo publicado por elpuertoactualidad.es<\/p>","protected":false},"author":1,"featured_media":0,"comment_status":"open","ping_status":"open","sticky":false,"template":"","format":"standard","meta":{"site-sidebar-layout":"default","site-content-layout":"","ast-site-content-layout":"default","site-content-style":"default","site-sidebar-style":"default","ast-global-header-display":"","ast-banner-title-visibility":"","ast-main-header-display":"","ast-hfb-above-header-display":"","ast-hfb-below-header-display":"","ast-hfb-mobile-header-display":"","site-post-title":"disabled","ast-breadcrumbs-content":"","ast-featured-img":"","footer-sml-layout":"","ast-disable-related-posts":"","theme-transparent-header-meta":"","adv-header-id-meta":"","stick-header-meta":"","header-above-stick-meta":"","header-main-stick-meta":"","header-below-stick-meta":"","astra-migrate-meta-layouts":"set","ast-page-background-enabled":"default","ast-page-background-meta":{"desktop":{"background-color":"","background-image":"","background-repeat":"repeat","background-position":"center center","background-size":"auto","background-attachment":"scroll","background-type":"","background-media":"","overlay-type":"","overlay-color":"","overlay-opacity":"","overlay-gradient":""},"tablet":{"background-color":"","background-image":"","background-repeat":"repeat","background-position":"center center","background-size":"auto","background-attachment":"scroll","background-type":"","background-media":"","overlay-type":"","overlay-color":"","overlay-opacity":"","overlay-gradient":""},"mobile":{"background-color":"","background-image":"","background-repeat":"repeat","background-position":"center center","background-size":"auto","background-attachment":"scroll","background-type":"","background-media":"","overlay-type":"","overlay-color":"","overlay-opacity":"","overlay-gradient":""}},"ast-content-background-meta":{"desktop":{"background-color":"var(--ast-global-color-5)","background-image":"","background-repeat":"repeat","background-position":"center center","background-size":"auto","background-attachment":"scroll","background-type":"","background-media":"","overlay-type":"","overlay-color":"","overlay-opacity":"","overlay-gradient":""},"tablet":{"background-color":"var(--ast-global-color-5)","background-image":"","background-repeat":"repeat","background-position":"center center","background-size":"auto","background-attachment":"scroll","background-type":"","background-media":"","overlay-type":"","overlay-color":"","overlay-opacity":"","overlay-gradient":""},"mobile":{"background-color":"var(--ast-global-color-5)","background-image":"","background-repeat":"repeat","background-position":"center center","background-size":"auto","background-attachment":"scroll","background-type":"","background-media":"","overlay-type":"","overlay-color":"","overlay-opacity":"","overlay-gradient":""}},"footnotes":""},"categories":[1],"tags":[],"class_list":["post-2471","post","type-post","status-publish","format-standard","hentry","category-sin-categoria"],"_links":{"self":[{"href":"https:\/\/juancamacholuthier.com\/en\/wp-json\/wp\/v2\/posts\/2471","targetHints":{"allow":["GET"]}}],"collection":[{"href":"https:\/\/juancamacholuthier.com\/en\/wp-json\/wp\/v2\/posts"}],"about":[{"href":"https:\/\/juancamacholuthier.com\/en\/wp-json\/wp\/v2\/types\/post"}],"author":[{"embeddable":true,"href":"https:\/\/juancamacholuthier.com\/en\/wp-json\/wp\/v2\/users\/1"}],"replies":[{"embeddable":true,"href":"https:\/\/juancamacholuthier.com\/en\/wp-json\/wp\/v2\/comments?post=2471"}],"version-history":[{"count":8,"href":"https:\/\/juancamacholuthier.com\/en\/wp-json\/wp\/v2\/posts\/2471\/revisions"}],"predecessor-version":[{"id":2482,"href":"https:\/\/juancamacholuthier.com\/en\/wp-json\/wp\/v2\/posts\/2471\/revisions\/2482"}],"wp:attachment":[{"href":"https:\/\/juancamacholuthier.com\/en\/wp-json\/wp\/v2\/media?parent=2471"}],"wp:term":[{"taxonomy":"category","embeddable":true,"href":"https:\/\/juancamacholuthier.com\/en\/wp-json\/wp\/v2\/categories?post=2471"},{"taxonomy":"post_tag","embeddable":true,"href":"https:\/\/juancamacholuthier.com\/en\/wp-json\/wp\/v2\/tags?post=2471"}],"curies":[{"name":"wp","href":"https:\/\/api.w.org\/{rel}","templated":true}]}}